{"id":1094,"date":"2024-08-27T10:00:00","date_gmt":"2024-08-27T10:00:00","guid":{"rendered":"https:\/\/www.radiolavozdelmar.cl\/web\/?p=1094"},"modified":"2024-08-20T14:51:17","modified_gmt":"2024-08-20T14:51:17","slug":"senadora-ordenes-sostuvo-que-el-deficit-de-la-beca-patagonia-debe-sercubierto-y-espera-que-sea-parte-de-los-anuncios-del-ministro-marcel-en-suvisita-a-aysen","status":"publish","type":"post","link":"https:\/\/www.radiolavozdelmar.cl\/web\/2024\/08\/27\/senadora-ordenes-sostuvo-que-el-deficit-de-la-beca-patagonia-debe-sercubierto-y-espera-que-sea-parte-de-los-anuncios-del-ministro-marcel-en-suvisita-a-aysen\/","title":{"rendered":"SENADORA \u00d3RDENES SOSTUVO QUE EL D\u00c9FICIT DE LA BECA PATAGONIA DEBE SERCUBIERTO Y ESPERA QUE SEA PARTE DE LOS ANUNCIOS DEL MINISTRO MARCEL EN SUVISITA A AYS\u00c9N"},"content":{"rendered":"\n<p>Cerca de 280 estudiantes aiseninos no han recibido la asignaci\u00f3n de la Beca Patagonia<br>Ays\u00e9n -BPA-, beneficio al que pueden acceder quienes estudien en la educaci\u00f3n superior en una<br>instituci\u00f3n reconocida por el Estado, ubicada fuera de la regi\u00f3n. Junto con el monto de la BPA,<br>adem\u00e1s se incluye un aporte para alimentaci\u00f3n y otro para traslado, montos que se pagan en hasta<br>10 cuotas y que representan una gran ayudada para cientos de familias aiseninas, que hoy viven la<br>angustia de esperar noticias sobre el beneficio.<br>La senadora por la regi\u00f3n de Ays\u00e9n, Ximena \u00d3rdenes Neira, quien ha alertado de esta<br>situaci\u00f3n al Ejecutivo desde un inicio, recalc\u00f3 que en los \u00faltimos a\u00f1os ning\u00fan estudiante se ha<br>quedado sin este aporte y que se ha cubierto el total de la demanda de esta beca y precis\u00f3 que \u201cson<br>279 estudiantes y sus familias, en la regi\u00f3n de Ays\u00e9n, que hoy no tienen ninguna certeza sobre la<br>Beca Patagonia Ays\u00e9n\u201d.<br>La representante aisenina lament\u00f3 que \u201csi bien -las y los estudiantes- cumplen con los<br>requisitos, este a\u00f1o no se ha respondido positivamente\u201d y finaliz\u00f3 se\u00f1alando que espera \u201cque este<br>d\u00e9ficit sea cubierto y que sea parte de los anuncios que realice el ministro Mario Marcel durante la<br>visita que tendr\u00e1 a Ays\u00e9n\u201d, quien aterrizar\u00eda este martes en la regi\u00f3n.<br>Actualmente, la Junaeb remiti\u00f3 una resoluci\u00f3n a la Dipres, a fin de redistribuir recursos<br>presupuestarios para cubrir parte del d\u00e9ficit de la beca. Junto con esto, tambi\u00e9n remiti\u00f3 al Ministerio<br>de Educaci\u00f3n un oficio donde solicita a la Subsecretar\u00eda de Educaci\u00f3n, autorizar una modifici\u00f3n<br>presupuestaria que permita reasignar recursos del Control de Programas de la Junaeb a la Beca de<br>Mantenci\u00f3n para Educaci\u00f3n Superior, con el objetivo de cubrir el d\u00e9ficit total de la beca. El<br>documento est\u00e1 tambi\u00e9n en revisi\u00f3n por el Mineduc.<\/p>\n","protected":false},"excerpt":{"rendered":"<p>Cerca de 280 estudiantes aiseninos no han recibido la asignaci\u00f3n de la Beca PatagoniaAys\u00e9n -BPA-, beneficio al que pueden acceder quienes estudien en la educaci\u00f3n superior en unainstituci\u00f3n reconocida por el Estado, ubicada fuera de la regi\u00f3n. Junto con el monto de la BPA,adem\u00e1s se incluye un aporte para alimentaci\u00f3n y otro para traslado, montos que se pagan en hasta10 cuotas y que representan una gran ayudada para cientos de familias aiseninas, que hoy viven laangustia de esperar noticias sobre el beneficio.La senadora por la regi\u00f3n de Ays\u00e9n, Ximena \u00d3rdenes Neira, quien ha alertado de estasituaci\u00f3n al Ejecutivo desde un inicio, recalc\u00f3 que en los \u00faltimos a\u00f1os ning\u00fan estudiante se haquedado sin este aporte y que se ha cubierto el total de la demanda de esta beca y precis\u00f3 que \u201cson279 estudiantes y sus familias, en la regi\u00f3n de Ays\u00e9n, que hoy no tienen ninguna certeza sobre laBeca Patagonia Ays\u00e9n\u201d.La representante aisenina lament\u00f3 que \u201csi bien -las y los estudiantes- cumplen con losrequisitos, este a\u00f1o no se ha respondido positivamente\u201d y finaliz\u00f3 se\u00f1alando que espera \u201cque ested\u00e9ficit sea cubierto y que sea parte de los anuncios que realice el ministro Mario Marcel durante lavisita que tendr\u00e1 a Ays\u00e9n\u201d, quien aterrizar\u00eda este martes en la regi\u00f3n.Actualmente, la Junaeb remiti\u00f3 una resoluci\u00f3n a la Dipres, a fin de redistribuir recursospresupuestarios para cubrir parte del d\u00e9ficit de la beca. Junto con esto, tambi\u00e9n remiti\u00f3 al Ministeriode Educaci\u00f3n un oficio donde solicita a la Subsecretar\u00eda de Educaci\u00f3n, autorizar una modifici\u00f3npresupuestaria que permita reasignar recursos del Control de Programas de la Junaeb a la Beca deMantenci\u00f3n para Educaci\u00f3n Superior, con el objetivo de cubrir el d\u00e9ficit total de la beca. Eldocumento est\u00e1 tambi\u00e9n en revisi\u00f3n por el Mineduc.<\/p>\n","protected":false},"author":3,"featured_media":1095,"comment_status":"open","ping_status":"open","sticky":false,"template":"","format":"standard","meta":{"footnotes":""},"categories":[4],"tags":[],"class_list":["post-1094","post","type-post","status-publish","format-standard","has-post-thumbnail","hentry","category-noticias"],"_links":{"self":[{"href":"https:\/\/www.radiolavozdelmar.cl\/web\/wp-json\/wp\/v2\/posts\/1094","targetHints":{"allow":["GET"]}}],"collection":[{"href":"https:\/\/www.radiolavozdelmar.cl\/web\/wp-json\/wp\/v2\/posts"}],"about":[{"href":"https:\/\/www.radiolavozdelmar.cl\/web\/wp-json\/wp\/v2\/types\/post"}],"author":[{"embeddable":true,"href":"https:\/\/www.radiolavozdelmar.cl\/web\/wp-json\/wp\/v2\/users\/3"}],"replies":[{"embeddable":true,"href":"https:\/\/www.radiolavozdelmar.cl\/web\/wp-json\/wp\/v2\/comments?post=1094"}],"version-history":[{"count":1,"href":"https:\/\/www.radiolavozdelmar.cl\/web\/wp-json\/wp\/v2\/posts\/1094\/revisions"}],"predecessor-version":[{"id":1096,"href":"https:\/\/www.radiolavozdelmar.cl\/web\/wp-json\/wp\/v2\/posts\/1094\/revisions\/1096"}],"wp:featuredmedia":[{"embeddable":true,"href":"https:\/\/www.radiolavozdelmar.cl\/web\/wp-json\/wp\/v2\/media\/1095"}],"wp:attachment":[{"href":"https:\/\/www.radiolavozdelmar.cl\/web\/wp-json\/wp\/v2\/media?parent=1094"}],"wp:term":[{"taxonomy":"category","embeddable":true,"href":"https:\/\/www.radiolavozdelmar.cl\/web\/wp-json\/wp\/v2\/categories?post=1094"},{"taxonomy":"post_tag","embeddable":true,"href":"https:\/\/www.radiolavozdelmar.cl\/web\/wp-json\/wp\/v2\/tags?post=1094"}],"curies":[{"name":"wp","href":"https:\/\/api.w.org\/{rel}","templated":true}]}}