{"id":885,"date":"2023-03-14T03:45:26","date_gmt":"2023-03-14T03:45:26","guid":{"rendered":"https:\/\/www.radiolavozdelmar.cl\/web\/?p=885"},"modified":"2023-03-14T03:45:26","modified_gmt":"2023-03-14T03:45:26","slug":"fiscalia-de-chile-chico-formalizo-investigacion-por-femicidio-tentado","status":"publish","type":"post","link":"https:\/\/www.radiolavozdelmar.cl\/web\/2023\/03\/14\/fiscalia-de-chile-chico-formalizo-investigacion-por-femicidio-tentado\/","title":{"rendered":"<strong>Fiscal\u00eda de Chile Chico formaliz\u00f3 investigaci\u00f3n por femicidio tentado<\/strong>"},"content":{"rendered":"\n<p>La Fiscal\u00eda Local de Chile Chico formaliz\u00f3 una investigaci\u00f3n por femicidio tentado y amenazas condicionales en contra de un imputado de 26 a\u00f1os, quien intent\u00f3 dar muerte a su conviviente.<\/p>\n\n\n\n<p>De acuerdo a lo expuesto en la audiencia de formalizaci\u00f3n por el fiscal Alvaro Sanhueza Tasso, el&nbsp; 20 de febrero de 2023, aproximadamente a las 17:00 horas la victima&nbsp;se encontraba en su domicilio, al interior de su dormitorio, cuando el imputado la amenaz\u00f3 y agredi\u00f3 violentamente, incluso intentando ahorcarla, sumado a otros hechos de gravedad.&nbsp;<\/p>\n\n\n\n<p>En un momento de descuido del imputado, la v\u00edctima logr\u00f3 arrancar a otra dependencia de la casa y posteriormente, hacia el cuartel de Carabineros de Chile Chico para denunciar la agresi\u00f3n.<\/p>\n\n\n\n<p>Producto del violento ataque, seg\u00fan a\u00f1adi\u00f3 el fiscal Alvaro Sanhueza, la afectada result\u00f3 con diversas lesiones en su cuerpo. Ante este hecho, la Fiscal\u00eda solicit\u00f3 la prisi\u00f3n preventiva del imputado, la cual fue concedida por el Juzgado de Garant\u00eda de dicha comuna.<\/p>\n\n\n\n<p>El imputado registra condenas anteriores por violencia intrafamiliar. El plazo para el t\u00e9rmino de la investigaci\u00f3n fue fijado en 90 d\u00edas.<\/p>\n","protected":false},"excerpt":{"rendered":"<p>La Fiscal\u00eda Local de Chile Chico formaliz\u00f3 una investigaci\u00f3n por femicidio tentado y amenazas condicionales en contra de un imputado de 26 a\u00f1os, quien intent\u00f3 dar muerte a su conviviente. De acuerdo a lo expuesto en la audiencia de formalizaci\u00f3n por el fiscal Alvaro Sanhueza Tasso, el&nbsp; 20 de febrero de 2023, aproximadamente a las 17:00 horas la victima&nbsp;se encontraba en su domicilio, al interior de su dormitorio, cuando el imputado la amenaz\u00f3 y agredi\u00f3 violentamente, incluso intentando ahorcarla, sumado a otros hechos de gravedad.&nbsp; En un momento de descuido del imputado, la v\u00edctima logr\u00f3 arrancar a otra dependencia de la casa y posteriormente, hacia el cuartel de Carabineros de Chile Chico para denunciar la agresi\u00f3n. Producto del violento ataque, seg\u00fan a\u00f1adi\u00f3 el fiscal Alvaro Sanhueza, la afectada result\u00f3 con diversas lesiones en su cuerpo. Ante este hecho, la Fiscal\u00eda solicit\u00f3 la prisi\u00f3n preventiva del imputado, la cual fue concedida por el Juzgado de Garant\u00eda de dicha comuna. El imputado registra condenas anteriores por violencia intrafamiliar. El plazo para el t\u00e9rmino de la investigaci\u00f3n fue fijado en 90 d\u00edas.<\/p>\n","protected":false},"author":3,"featured_media":886,"comment_status":"open","ping_status":"open","sticky":false,"template":"","format":"standard","meta":{"footnotes":""},"categories":[4],"tags":[],"class_list":["post-885","post","type-post","status-publish","format-standard","has-post-thumbnail","hentry","category-noticias"],"_links":{"self":[{"href":"https:\/\/www.radiolavozdelmar.cl\/web\/wp-json\/wp\/v2\/posts\/885","targetHints":{"allow":["GET"]}}],"collection":[{"href":"https:\/\/www.radiolavozdelmar.cl\/web\/wp-json\/wp\/v2\/posts"}],"about":[{"href":"https:\/\/www.radiolavozdelmar.cl\/web\/wp-json\/wp\/v2\/types\/post"}],"author":[{"embeddable":true,"href":"https:\/\/www.radiolavozdelmar.cl\/web\/wp-json\/wp\/v2\/users\/3"}],"replies":[{"embeddable":true,"href":"https:\/\/www.radiolavozdelmar.cl\/web\/wp-json\/wp\/v2\/comments?post=885"}],"version-history":[{"count":1,"href":"https:\/\/www.radiolavozdelmar.cl\/web\/wp-json\/wp\/v2\/posts\/885\/revisions"}],"predecessor-version":[{"id":887,"href":"https:\/\/www.radiolavozdelmar.cl\/web\/wp-json\/wp\/v2\/posts\/885\/revisions\/887"}],"wp:featuredmedia":[{"embeddable":true,"href":"https:\/\/www.radiolavozdelmar.cl\/web\/wp-json\/wp\/v2\/media\/886"}],"wp:attachment":[{"href":"https:\/\/www.radiolavozdelmar.cl\/web\/wp-json\/wp\/v2\/media?parent=885"}],"wp:term":[{"taxonomy":"category","embeddable":true,"href":"https:\/\/www.radiolavozdelmar.cl\/web\/wp-json\/wp\/v2\/categories?post=885"},{"taxonomy":"post_tag","embeddable":true,"href":"https:\/\/www.radiolavozdelmar.cl\/web\/wp-json\/wp\/v2\/tags?post=885"}],"curies":[{"name":"wp","href":"https:\/\/api.w.org\/{rel}","templated":true}]}}